{"id":3320,"date":"2023-02-01T00:15:22","date_gmt":"2023-02-01T00:15:22","guid":{"rendered":"https:\/\/politeamadianese.com\/?p=3320"},"modified":"2026-04-23T09:23:02","modified_gmt":"2026-04-23T09:23:02","slug":"da-venerdi-3-gli-spiriti-dellisola-2-al-cinema-dianese","status":"publish","type":"post","link":"https:\/\/politeamadianese.com\/?p=3320","title":{"rendered":"DA GIOVED\u00cc 23 A MERCOLED\u00cc 29 APRILE AL CINEMA DIANESE"},"content":{"rendered":"<h1><!--more--><\/h1>\n<h1 style=\"text-align: center;\"><span style=\"color: #0000ff;\"><strong><a style=\"color: #0000ff;\" href=\"https:\/\/www.webtic.it\/#\/shopping?action=loadLocal&amp;localId=5699\"><em><span style=\"vertical-align: inherit;\"><span style=\"vertical-align: inherit;\"><span style=\"vertical-align: inherit;\"><span style=\"vertical-align: inherit;\">ACQUISTA IL BIGLIETTO ONLINE<\/span><\/span><\/span><\/span><\/em><\/a><\/strong><\/span><\/h1>\n<p><!--more--><\/p>\n<hr \/>\n<h1 style=\"text-align: center;\"><strong><span style=\"color: #000000;\"><em>&#8221; MICHAEL<span class=\"title\">&#8220;<\/span><\/em><\/span><\/strong><\/h1>\n<p><span style=\"color: #000000;\"><strong><em><span style=\"vertical-align: inherit;\"><img loading=\"lazy\" decoding=\"async\" class=\"size-full wp-image-4246 alignleft\" src=\"https:\/\/politeamadianese.com\/wp-content\/uploads\/2023\/02\/michael.jpg\" alt=\"\" width=\"420\" height=\"665\" srcset=\"https:\/\/politeamadianese.com\/wp-content\/uploads\/2023\/02\/michael.jpg 420w, https:\/\/politeamadianese.com\/wp-content\/uploads\/2023\/02\/michael-189x300.jpg 189w, https:\/\/politeamadianese.com\/wp-content\/uploads\/2023\/02\/michael-95x150.jpg 95w\" sizes=\"auto, (max-width: 420px) 100vw, 420px\" \/>ORARI DEGLI SPETTACOLI:<\/span><\/em><\/strong><\/span><\/p>\n<ul>\n<li>MERCOLED\u00cc 22 &#8211; SPETTACOLO UNICO <strong>ore 21.15<\/strong><\/li>\n<li>GIOVED\u00cc 23 &#8211; SPETTACOLO UNICO<strong> ore 21.15<\/strong><\/li>\n<li>VENERD\u00cc 24 &#8211; SPETTACOLO UNICO <strong>ore 21.30<\/strong><\/li>\n<li>SABATO 25 &#8211; SPETTACOLI <strong>ore 15.45 &#8211; 18.15 &#8211; 21.30<\/strong><\/li>\n<li>DOMENICA 26 &#8211; SPETTACOLI <strong>ore 15.45 &#8211; 18.15 &#8211; 20.45<\/strong><\/li>\n<li>LUNED\u00cc 27 &#8211; SPETTACOLO UNICO <strong>ore 20.45<\/strong><\/li>\n<li>MARTED\u00cc 28 &#8211; SPETTACOLO UNICO <strong>ore 20.45<\/strong><\/li>\n<\/ul>\n<h2 style=\"text-align: center;\"><a href=\"https:\/\/youtu.be\/fF-t5VdkPEI?si=PGmU_dokZFuO0maH\">CLICCA QUI E GUARDA IL TRAILER<\/a><\/h2>\n<p><strong>Genere:<\/strong> Biografico, Drammatico, Musicale<br \/>\n<strong>Anno:<\/strong> 2026<br \/>\n<strong>Regia:<\/strong> Antoine Fuqua<br \/>\n<strong>Attori:<\/strong> Jaafar Jackson, Miles Teller, Colman Domingo, Nia Long, Juliano Valdi, Joe Gillette, Kat Graham, Laura Harrier, Larenz Tate, Derek Luke, Jessica Sula, Kendrick Sampson, Joseph David-Jones<br \/>\n<strong>Paese:<\/strong> USA<br \/>\n<strong>Durata:<\/strong> 127 min<\/p>\n<p><strong>Trama<\/strong><strong>:<\/strong> Michael, film diretto da Antoine Fuqua, porta sullo schermo la storia, la carriera e l\u2019eredit\u00e0 di Michael Jackson (Jaafar Jackson), una delle figure pi\u00f9 iconiche e influenti della storia della musica mondiale.<br \/>\nIl film ripercorre tutta la sua vita, dalle prime esibizioni da bambino nei Jackson 5, passando per la dura disciplina e gli abusi subiti dal padre Joe Jackson (Colman Domingo), fino all\u2019ascesa fulminante che lo ha consacrato come Re del Pop. La narrazione esplora la nascita del suo talento precoce e la sua trasformazione in un artista visionario, animato da un\u2019ambizione creativa inarrestabile e da una costante ricerca della perfezione. Dalle rivoluzionarie performance soliste degli anni Settanta ai record raggiunti con Thriller, dall\u2019acquisto della tenuta di Neverland alle sue iniziative di beneficenza, il film mostra Jackson sia come fenomeno globale sia come uomo, gettando luce sulle complessit\u00e0 della sua vita privata. Attraverso incontri fondamentali con figure chiave come Berry Gordy (Larenz Tate), Diana Ross (Kat Graham), Quincy Jones (Kendrick Sampson) e l\u2019avvocato John Branca (Miles Teller), scopriamo il dietro le quinte della sua carriera e dei legami fondamentali. Il racconto tocca anche i momenti pi\u00f9 intimi, tra la nascita dei figli e le sue ultime settimane di vita, culminate nella tragica e inaspettata scomparsa del 25 giugno 2009. Un viaggio che permette al pubblico di vedere l\u2019artista come mai prima d\u2019ora, celebrandone il talento straordinario e il segno indelebile lasciato nella cultura pop mondiale.<\/p>\n<hr \/>\n<h1 style=\"text-align: center;\"><strong><span style=\"color: #000000;\"><em>&#8221; IL DIAVOLO VESTE PRADA 2 <span class=\"title\">&#8220;<\/span><\/em><\/span><\/strong><\/h1>\n<p style=\"text-align: center;\"><strong><em><span style=\"color: #ff0000;\">DA MERCOLED\u00cc 29 APRILE<\/span><\/em><\/strong><\/p>\n<p><span style=\"color: #000000;\"><strong><em><span style=\"vertical-align: inherit;\"><img loading=\"lazy\" decoding=\"async\" class=\"alignleft wp-image-4260\" src=\"https:\/\/politeamadianese.com\/wp-content\/uploads\/2023\/02\/DIAVOLO_PRADA.jpg\" alt=\"\" width=\"420\" height=\"600\" srcset=\"https:\/\/politeamadianese.com\/wp-content\/uploads\/2023\/02\/DIAVOLO_PRADA.jpg 1200w, https:\/\/politeamadianese.com\/wp-content\/uploads\/2023\/02\/DIAVOLO_PRADA-210x300.jpg 210w, https:\/\/politeamadianese.com\/wp-content\/uploads\/2023\/02\/DIAVOLO_PRADA-717x1024.jpg 717w, https:\/\/politeamadianese.com\/wp-content\/uploads\/2023\/02\/DIAVOLO_PRADA-768x1097.jpg 768w, https:\/\/politeamadianese.com\/wp-content\/uploads\/2023\/02\/DIAVOLO_PRADA-1075x1536.jpg 1075w, https:\/\/politeamadianese.com\/wp-content\/uploads\/2023\/02\/DIAVOLO_PRADA-105x150.jpg 105w\" sizes=\"auto, (max-width: 420px) 100vw, 420px\" \/>ORARI DEGLI SPETTACOLI:<\/span><\/em><\/strong><\/span><\/p>\n<ul>\n<li>MERCOLED\u00cc 29 &#8211; SPETTACOLO UNICO <strong>ore 21.00<\/strong><\/li>\n<\/ul>\n<h2 style=\"text-align: center;\"><a href=\"https:\/\/youtu.be\/zmBg3eo3PKM?si=I6Qy2552kADb8rk9\">CLICCA QUI E GUARDA IL TRAILER<\/a><\/h2>\n<p><strong>Genere:<\/strong> Commedia<br \/>\n<strong>Anno:<\/strong> 2026<br \/>\n<strong>Regia:<\/strong> David Frankel<br \/>\n<strong>Attori:<\/strong> Meryl Streep, Anne Hathaway, Stanley Tucci, Emily Blunt, Kenneth Branagh, Simone Ashley, Justin Theroux, Lady Gaga, Lucy Liu, Tracie Thoms, Tibor Feldman, Caleb Hearon, Patrick Brammall, Rachel Bloom<br \/>\n<strong>Paese:<\/strong> USA<\/p>\n<p><strong>Trama<\/strong><strong>:<\/strong> Il Diavolo Veste Prada 2, il film diretto da David Frankel, racconta le nuove sfide di Miranda Priestly (Meryl Streep), iconica e temuta direttrice della prestigiosa rivista Runway, nel contesto di un\u2019industria editoriale in profonda trasformazione. Dopo anni di dominio incontrastato nel mondo della moda, Miranda deve ora confrontarsi con il calo della carta stampata e con la consapevolezza che la pensione \u00e8 sempre pi\u00f9 vicina. Non ci sono solo le difficolt\u00e0 professionali, ma anche quelle sul lato pi\u00f9 personale della protagonista, mostrando il rapporto con il suo nuovo marito (Kenneth Branagh) e le complicate dinamiche intime tra i due. Tra crisi dell\u2019editoria e sfide personali, Miranda Priestly si trova costretta a ridefinire il suo ruolo di donna di potere in un mondo che cambia rapidamente, affrontando con stile, determinazione e la consueta ironia le prove di un presente incerto.<\/p>\n<hr \/>\n<p><strong>PREZZI<\/strong>:\u00a0 Intero \u20ac 8,50 &#8211; Ridotto \u20ac 6,50 &#8211; Cinepass \u20ac 5,50<\/p>\n<hr \/>\n<p><!--more--><\/p>\n<h1 style=\"text-align: center;\"><span style=\"color: #0000ff;\"><strong><a style=\"color: #0000ff;\" href=\"https:\/\/www.webtic.it\/#\/shopping?action=loadLocal&amp;localId=5699\"><em><span style=\"vertical-align: inherit;\">ACQUISTA IL BIGLIETTO ONLINE<\/span><\/em><\/a><\/strong><\/span><\/h1>\n<p><!--more--><\/p>\n","protected":false},"excerpt":{"rendered":"","protected":false},"author":1,"featured_media":4261,"comment_status":"closed","ping_status":"closed","sticky":true,"template":"","format":"standard","meta":{"jetpack_post_was_ever_published":true,"_jetpack_newsletter_access":"","_jetpack_dont_email_post_to_subs":false,"_jetpack_newsletter_tier_id":0,"_jetpack_memberships_contains_paywalled_content":false,"_jetpack_memberships_contains_paid_content":false,"footnotes":"","jetpack_publicize_message":"","jetpack_publicize_feature_enabled":true,"jetpack_social_post_already_shared":true,"jetpack_social_options":{"image_generator_settings":{"template":"highway","default_image_id":0,"font":"","enabled":false},"version":2}},"categories":[2,4],"tags":[],"class_list":["post-3320","post","type-post","status-publish","format-standard","has-post-thumbnail","hentry","category-sale","category-dianese"],"jetpack_publicize_connections":[],"jetpack_featured_media_url":"https:\/\/politeamadianese.com\/wp-content\/uploads\/2023\/02\/SITO_COPERTINA_x2-9-2.png","jetpack_sharing_enabled":true,"jetpack_shortlink":"https:\/\/wp.me\/p6wVPA-Ry","_links":{"self":[{"href":"https:\/\/politeamadianese.com\/index.php?rest_route=\/wp\/v2\/posts\/3320","targetHints":{"allow":["GET"]}}],"collection":[{"href":"https:\/\/politeamadianese.com\/index.php?rest_route=\/wp\/v2\/posts"}],"about":[{"href":"https:\/\/politeamadianese.com\/index.php?rest_route=\/wp\/v2\/types\/post"}],"author":[{"embeddable":true,"href":"https:\/\/politeamadianese.com\/index.php?rest_route=\/wp\/v2\/users\/1"}],"replies":[{"embeddable":true,"href":"https:\/\/politeamadianese.com\/index.php?rest_route=%2Fwp%2Fv2%2Fcomments&post=3320"}],"version-history":[{"count":155,"href":"https:\/\/politeamadianese.com\/index.php?rest_route=\/wp\/v2\/posts\/3320\/revisions"}],"predecessor-version":[{"id":4263,"href":"https:\/\/politeamadianese.com\/index.php?rest_route=\/wp\/v2\/posts\/3320\/revisions\/4263"}],"wp:featuredmedia":[{"embeddable":true,"href":"https:\/\/politeamadianese.com\/index.php?rest_route=\/wp\/v2\/media\/4261"}],"wp:attachment":[{"href":"https:\/\/politeamadianese.com\/index.php?rest_route=%2Fwp%2Fv2%2Fmedia&parent=3320"}],"wp:term":[{"taxonomy":"category","embeddable":true,"href":"https:\/\/politeamadianese.com\/index.php?rest_route=%2Fwp%2Fv2%2Fcategories&post=3320"},{"taxonomy":"post_tag","embeddable":true,"href":"https:\/\/politeamadianese.com\/index.php?rest_route=%2Fwp%2Fv2%2Ftags&post=3320"}],"curies":[{"name":"wp","href":"https:\/\/api.w.org\/{rel}","templated":true}]}}